{"id":2258,"date":"2025-04-01T20:03:00","date_gmt":"2025-04-01T18:03:00","guid":{"rendered":"https:\/\/secot.cat\/?p=2258"},"modified":"2026-04-23T09:57:57","modified_gmt":"2026-04-23T07:57:57","slug":"acord-de-collaboracio-entre-la-cambra-de-comerc-de-reus-i-secot-catalunya","status":"publish","type":"post","link":"https:\/\/secot.cat\/es\/acord-de-collaboracio-entre-la-cambra-de-comerc-de-reus-i-secot-catalunya\/","title":{"rendered":"Acord de col\u00b7laboraci\u00f3 entre la Cambra de Comer\u00e7 de Reus i SECOT Catalunya"},"content":{"rendered":"\n<p>Mario Basora, president de la Cambra de Comer\u00e7 de Reus, i Josep M. Faura, president de SECOT Catalunya, han signat el passat 31 de mar\u00e7 de 2025, a les instal\u00b7lacions de la Cambra de Reus, un acord de col\u00b7laboraci\u00f3 amb la finalitat de dur a terme accions d\u2019assessorament i formaci\u00f3 adre\u00e7ades al col\u00b7lectiu cameral per donar suport a la posada en marxa i\/o consolidaci\u00f3 de projectes empresarials.<\/p>\n\n\n\n<p>L\u2019objectiu \u00e9s establir un marc estable de col\u00b7laboraci\u00f3 entre ambdues institucions i donar resposta a totes les iniciatives i propostes sorgides en el si de la Cambra de Reus i dels seus associats.<\/p>\n\n\n\n<p>SECOT posa a disposici\u00f3 de la Cambra la seva xarxa de voluntaris s\u00e8nior experts multidisciplinaris per oferir assessorament, sessions de formaci\u00f3 i confer\u00e8ncies als empresaris (socis de la Cambra) del seu \u00e0mbit d\u2019influ\u00e8ncia (comarques del Baix Camp, Conca de Barber\u00e0, Priorat, Ribera d\u2019Ebre i Terra Alta).<\/p>\n\n\n\n<p>L\u2019acord tindr\u00e0 vig\u00e8ncia fins al 31 de desembre de 2027.<\/p>\n\n\n\n<p>La Cambra de Comer\u00e7 de Reus \u00e9s una corporaci\u00f3 de dret p\u00fablic fundada l\u2019any 1886. La seva missi\u00f3 \u00e9s oferir serveis i eines a les empreses del seu \u00e0mbit d\u2019influ\u00e8ncia per tal que incrementin el seu valor afegit, la seva competitivitat i contribueixin a dinamitzar el teixit empresarial de la seva demarcaci\u00f3.<\/p>\n\n\n\n<figure class=\"wp-block-image size-large\"><img fetchpriority=\"high\" decoding=\"async\" width=\"1024\" height=\"768\" src=\"https:\/\/secot.cat\/wp-content\/uploads\/2026\/03\/1744295091479-1024x768.jpg\" alt=\"\" class=\"wp-image-2259\" srcset=\"https:\/\/secot.cat\/wp-content\/uploads\/2026\/03\/1744295091479-1024x768.jpg 1024w, https:\/\/secot.cat\/wp-content\/uploads\/2026\/03\/1744295091479-300x225.jpg 300w, https:\/\/secot.cat\/wp-content\/uploads\/2026\/03\/1744295091479-768x576.jpg 768w, https:\/\/secot.cat\/wp-content\/uploads\/2026\/03\/1744295091479-1536x1152.jpg 1536w, https:\/\/secot.cat\/wp-content\/uploads\/2026\/03\/1744295091479.jpg 1600w\" sizes=\"(max-width: 1024px) 100vw, 1024px\" \/><\/figure>\n","protected":false},"excerpt":{"rendered":"<p>Mario Basora, president de la Cambra de Comer\u00e7 de Reus, i Josep M. Faura, president de SECOT Catalunya, han signat el passat 31 de mar\u00e7 de 2025, a les instal\u00b7lacions de la Cambra de Reus, un acord de col\u00b7laboraci\u00f3 amb la finalitat de dur a terme accions d\u2019assessorament i formaci\u00f3 adre\u00e7ades al col\u00b7lectiu cameral per [&hellip;]<\/p>\n","protected":false},"author":3,"featured_media":2260,"comment_status":"closed","ping_status":"closed","sticky":false,"template":"","format":"standard","meta":{"_acf_changed":false,"footnotes":""},"categories":[19],"tags":[],"class_list":["post-2258","post","type-post","status-publish","format-standard","has-post-thumbnail","hentry","category-convenis"],"acf":[],"_links":{"self":[{"href":"https:\/\/secot.cat\/es\/wp-json\/wp\/v2\/posts\/2258","targetHints":{"allow":["GET"]}}],"collection":[{"href":"https:\/\/secot.cat\/es\/wp-json\/wp\/v2\/posts"}],"about":[{"href":"https:\/\/secot.cat\/es\/wp-json\/wp\/v2\/types\/post"}],"author":[{"embeddable":true,"href":"https:\/\/secot.cat\/es\/wp-json\/wp\/v2\/users\/3"}],"replies":[{"embeddable":true,"href":"https:\/\/secot.cat\/es\/wp-json\/wp\/v2\/comments?post=2258"}],"version-history":[{"count":1,"href":"https:\/\/secot.cat\/es\/wp-json\/wp\/v2\/posts\/2258\/revisions"}],"predecessor-version":[{"id":2261,"href":"https:\/\/secot.cat\/es\/wp-json\/wp\/v2\/posts\/2258\/revisions\/2261"}],"wp:featuredmedia":[{"embeddable":true,"href":"https:\/\/secot.cat\/es\/wp-json\/wp\/v2\/media\/2260"}],"wp:attachment":[{"href":"https:\/\/secot.cat\/es\/wp-json\/wp\/v2\/media?parent=2258"}],"wp:term":[{"taxonomy":"category","embeddable":true,"href":"https:\/\/secot.cat\/es\/wp-json\/wp\/v2\/categories?post=2258"},{"taxonomy":"post_tag","embeddable":true,"href":"https:\/\/secot.cat\/es\/wp-json\/wp\/v2\/tags?post=2258"}],"curies":[{"name":"wp","href":"https:\/\/api.w.org\/{rel}","templated":true}]}}